{"id":111,"date":"2018-04-13T02:16:51","date_gmt":"2018-04-13T00:16:51","guid":{"rendered":"http:\/\/skyttarna.se\/?p=111"},"modified":"2018-04-13T02:16:51","modified_gmt":"2018-04-13T00:16:51","slug":"extrainsatt-arsmote","status":"publish","type":"post","link":"http:\/\/www.skyttarna.se\/index.php\/2018\/04\/13\/extrainsatt-arsmote\/","title":{"rendered":"Extrainsatt \u00e5rsm\u00f6te"},"content":{"rendered":"<h1><strong>\u00c4rade medlem,<\/strong><\/h1>\n<p>Nu har det g\u00e5tt ett tag sedan \u00e5rsm\u00f6tet och nya utmaningar st\u00e5r framf\u00f6r oss. N\u00e4r \u00e4ntligen v\u00e5ra stadgar uppdagades visade det sig att vi var &#8221;anslutna&#8221; till ett f\u00f6rbund som inte finns, och att vi beh\u00f6ver fler medlemmar i styrelsen.<\/p>\n<p>Vi beh\u00f6ver tv\u00e5 nya suppleanter, eftersom v\u00e5ra suppleanter fick bli ordinarie ledam\u00f6ter, vi beh\u00f6ver ocks\u00e5 tv\u00e5 personer som kan vara revisorer, och tv\u00e5 personer som kan vara valberedning.<\/p>\n<h1><strong>Den 5 maj kl 10:00 <\/strong><strong>tr\u00e4ffas vi i skyttepaviljongen f\u00f6r att:<\/strong><\/h1>\n<ol>\n<li>F\u00f6rklara <strong>varf\u00f6r<\/strong> vi st\u00e4ngde skjutbanan under en period nu under vintern.<\/li>\n<li>Ta en <strong>diskussion<\/strong> om f\u00f6reningens vapeninnehav och den ekonomiska \u00a0 utmaningen runt detta.<\/li>\n<li>Vi beh\u00f6ver <strong>gemensamt<\/strong> besluta om medlemskap i Svenska Skyttesportf\u00f6rbundet och d\u00e4rmed \u00e4ven stadge\u00e4ndringar. Frivilliga Skytter\u00f6relsen finns inte sedan 2009.<\/li>\n<li>Vi <strong>beh\u00f6ver<\/strong> komplettera styrelsen med ovanst\u00e5ende sex personer.<\/li>\n<\/ol>\n<p>Vi ber\u00e4knar att m\u00f6tet kommer ta mellan en och tv\u00e5 timmar, det \u00e4r ett <strong>extrainsatt \u00e5rsm\u00f6te<\/strong>.<\/p>\n<p>Den h\u00e4r g\u00e5ngen kommer vi inte ha med oss kaffe eller fikabr\u00f6d, den som vill f\u00f6rt\u00e4ra tar med sig eget.<\/p>\n<h1><strong>Med v\u00e4nliga h\u00e4lsningar,<\/strong><br \/>\n<strong> Styrelsen<\/strong><\/h1>\n","protected":false},"excerpt":{"rendered":"<p>\u00c4rade medlem, Nu har det g\u00e5tt ett tag sedan \u00e5rsm\u00f6tet och nya utmaningar st\u00e5r framf\u00f6r oss. N\u00e4r \u00e4ntligen v\u00e5ra stadgar uppdagades visade det sig att vi var &#8221;anslutna&#8221; till ett f\u00f6rbund som inte finns, och att vi beh\u00f6ver fler medlemmar i styrelsen. Vi beh\u00f6ver tv\u00e5 nya suppleanter, eftersom v\u00e5ra suppleanter fick bli ordinarie ledam\u00f6ter, vi &hellip; <\/p>\n<p class=\"link-more\"><a href=\"http:\/\/www.skyttarna.se\/index.php\/2018\/04\/13\/extrainsatt-arsmote\/\" class=\"more-link\">Forts\u00e4tt l\u00e4sa<span class=\"screen-reader-text\"> \u201dExtrainsatt \u00e5rsm\u00f6te\u201d<\/span><\/a><\/p>\n","protected":false},"author":4,"featured_media":0,"comment_status":"open","ping_status":"open","sticky":false,"template":"","format":"standard","meta":{"footnotes":""},"categories":[1],"tags":[],"class_list":["post-111","post","type-post","status-publish","format-standard","hentry","category-okategoriserade"],"_links":{"self":[{"href":"http:\/\/www.skyttarna.se\/index.php\/wp-json\/wp\/v2\/posts\/111","targetHints":{"allow":["GET"]}}],"collection":[{"href":"http:\/\/www.skyttarna.se\/index.php\/wp-json\/wp\/v2\/posts"}],"about":[{"href":"http:\/\/www.skyttarna.se\/index.php\/wp-json\/wp\/v2\/types\/post"}],"author":[{"embeddable":true,"href":"http:\/\/www.skyttarna.se\/index.php\/wp-json\/wp\/v2\/users\/4"}],"replies":[{"embeddable":true,"href":"http:\/\/www.skyttarna.se\/index.php\/wp-json\/wp\/v2\/comments?post=111"}],"version-history":[{"count":3,"href":"http:\/\/www.skyttarna.se\/index.php\/wp-json\/wp\/v2\/posts\/111\/revisions"}],"predecessor-version":[{"id":119,"href":"http:\/\/www.skyttarna.se\/index.php\/wp-json\/wp\/v2\/posts\/111\/revisions\/119"}],"wp:attachment":[{"href":"http:\/\/www.skyttarna.se\/index.php\/wp-json\/wp\/v2\/media?parent=111"}],"wp:term":[{"taxonomy":"category","embeddable":true,"href":"http:\/\/www.skyttarna.se\/index.php\/wp-json\/wp\/v2\/categories?post=111"},{"taxonomy":"post_tag","embeddable":true,"href":"http:\/\/www.skyttarna.se\/index.php\/wp-json\/wp\/v2\/tags?post=111"}],"curies":[{"name":"wp","href":"https:\/\/api.w.org\/{rel}","templated":true}]}}