{"id":235,"date":"2020-06-11T16:31:04","date_gmt":"2020-06-11T14:31:04","guid":{"rendered":"http:\/\/skyttarna.se\/?p=235"},"modified":"2020-06-19T10:54:00","modified_gmt":"2020-06-19T08:54:00","slug":"arsmote-2020","status":"publish","type":"post","link":"http:\/\/www.skyttarna.se\/index.php\/2020\/06\/11\/arsmote-2020\/","title":{"rendered":"\u00c5rsm\u00f6te 2020"},"content":{"rendered":"\n<p>Hej p\u00e5 Er \u00e4rade medlemmar, coronan h\u00e4rjar fortfarande och vi g\u00f6r det vi kan f\u00f6r att b\u00e5de agera i f\u00f6reningen och f\u00f6lja de riktlinjer folkh\u00e4lsomyndigheten ger oss.<\/p>\n\n\n\n<p>D\u00e5 vi inte f\u00e5r samlas fler \u00e4n 50 personer \u00e4r det sv\u00e5rt att genomf\u00f6ra ett \u00e5rsm\u00f6te d\u00e4r vi tr\u00e4ffas d\u00e5 vi har fler medlemmar \u00e4n 50 st, och p\u00e5 ett \u00e5rsm\u00f6te SKALL alla medlemmar kunna n\u00e4rvara. Ut\u00f6ver detta \u00e4r det ju ocks\u00e5 m\u00e5nga av v\u00e5ra medlemmar som tillh\u00f6r den ena riskgruppen eller den andra och p\u00e5 s\u00e5 s\u00e4tt ocks\u00e5 har sv\u00e5rt att m\u00f6tas p\u00e5 riktigt.<\/p>\n\n\n\n<p>Vi kommer genomf\u00f6ra \u00c5rsm\u00f6tet torsdagen den 25:e juni kl 19:00, och vi kommer genomf\u00f6ra det som ett onlinem\u00f6te, och vi kommer beg\u00e4ra f\u00f6ranm\u00e4lan. Finns det medlemmar som inte kan ansluta till ett onlinem\u00f6te kommer vi f\u00f6rs\u00f6ka hj\u00e4lpa till med att \u00e4ven s\u00e4nda m\u00f6tet i n\u00e5gon lokal.<\/p>\n\n\n\n<p>Alla handlingar inf\u00f6r \u00e5rsm\u00f6tet kommer delas i det h\u00e4r inl\u00e4gget, och information om \u00e5rsm\u00f6tet kommer dels som notis i lokala annonsbladet, p\u00e5 hemsidan http:\/\/skyttarna.se, p\u00e5 v\u00e5ran facebook-sida och som uppsatta lappar p\u00e5 skjutbanan.<\/p>\n\n\n\n<p>Anm\u00e4l dig via epost till mattias.lind@skyttarna.se.<\/p>\n\n\n\n<p>M\u00f6tesdokument:<\/p>\n\n\n\n<p>(kommer snarast)<\/p>\n","protected":false},"excerpt":{"rendered":"<p>Hej p\u00e5 Er \u00e4rade medlemmar, coronan h\u00e4rjar fortfarande och vi g\u00f6r det vi kan f\u00f6r att b\u00e5de agera i f\u00f6reningen och f\u00f6lja de riktlinjer folkh\u00e4lsomyndigheten ger oss. D\u00e5 vi inte f\u00e5r samlas fler \u00e4n 50 personer \u00e4r det sv\u00e5rt att genomf\u00f6ra ett \u00e5rsm\u00f6te d\u00e4r vi tr\u00e4ffas d\u00e5 vi har fler medlemmar \u00e4n 50 st, och &hellip; <\/p>\n<p class=\"link-more\"><a href=\"http:\/\/www.skyttarna.se\/index.php\/2020\/06\/11\/arsmote-2020\/\" class=\"more-link\">Forts\u00e4tt l\u00e4sa<span class=\"screen-reader-text\"> \u201d\u00c5rsm\u00f6te 2020\u201d<\/span><\/a><\/p>\n","protected":false},"author":4,"featured_media":0,"comment_status":"open","ping_status":"open","sticky":false,"template":"","format":"standard","meta":{"footnotes":""},"categories":[1],"tags":[],"class_list":["post-235","post","type-post","status-publish","format-standard","hentry","category-okategoriserade"],"_links":{"self":[{"href":"http:\/\/www.skyttarna.se\/index.php\/wp-json\/wp\/v2\/posts\/235","targetHints":{"allow":["GET"]}}],"collection":[{"href":"http:\/\/www.skyttarna.se\/index.php\/wp-json\/wp\/v2\/posts"}],"about":[{"href":"http:\/\/www.skyttarna.se\/index.php\/wp-json\/wp\/v2\/types\/post"}],"author":[{"embeddable":true,"href":"http:\/\/www.skyttarna.se\/index.php\/wp-json\/wp\/v2\/users\/4"}],"replies":[{"embeddable":true,"href":"http:\/\/www.skyttarna.se\/index.php\/wp-json\/wp\/v2\/comments?post=235"}],"version-history":[{"count":2,"href":"http:\/\/www.skyttarna.se\/index.php\/wp-json\/wp\/v2\/posts\/235\/revisions"}],"predecessor-version":[{"id":240,"href":"http:\/\/www.skyttarna.se\/index.php\/wp-json\/wp\/v2\/posts\/235\/revisions\/240"}],"wp:attachment":[{"href":"http:\/\/www.skyttarna.se\/index.php\/wp-json\/wp\/v2\/media?parent=235"}],"wp:term":[{"taxonomy":"category","embeddable":true,"href":"http:\/\/www.skyttarna.se\/index.php\/wp-json\/wp\/v2\/categories?post=235"},{"taxonomy":"post_tag","embeddable":true,"href":"http:\/\/www.skyttarna.se\/index.php\/wp-json\/wp\/v2\/tags?post=235"}],"curies":[{"name":"wp","href":"https:\/\/api.w.org\/{rel}","templated":true}]}}